{"id":940,"date":"2021-08-19T10:51:40","date_gmt":"2021-08-19T07:51:40","guid":{"rendered":"https:\/\/ambtallinn.esteri.it\/news\/dall_ambasciata\/2021\/08\/20-agosto-restaurazione-dell-indipendenza-2\/"},"modified":"2021-08-19T10:51:40","modified_gmt":"2021-08-19T07:51:40","slug":"20-agosto-restaurazione-dell-indipendenza-2","status":"publish","type":"post","link":"https:\/\/ambtallinn.esteri.it\/en\/news\/dall_ambasciata\/2021\/08\/20-agosto-restaurazione-dell-indipendenza-2\/","title":{"rendered":"Restoration of Independence of Estonia: 30th Anniversary (ENG and EST)"},"content":{"rendered":"<p style=\"text-align: justify;\">On the occasion of the thirtieth anniversary of the Decision that returned Estonia to the community of nations, I extend my greetings and my expressions of gratitude to all those who work for ever closer relations between our countries.<\/p>\n<p style=\"text-align: justify;\">On August 20, 1991, Estonia regained its destiny as a sovereign state.<\/p>\n<p style=\"text-align: justify;\">The re-establishment of diplomatic relations with Italy, which has never recognized the annexation of Estonia to the USSR, was agreed on August 27 and made effective on August 31.<\/p>\n<p style=\"text-align: justify;\">In the path that led Estonia to join the Atlantic Alliance and the European Union, the support of Italy has never failed, not only on a political level, but also accompanying the rapid economic and social transformation of Estonia.<\/p>\n<p style=\"text-align: justify;\">The exchange of experiences, the participation of Italian companies and work in the development of Estonia, the collaboration in culture and science, all the bonds that have been created over time have cemented the friendship between our countries, friendship that is strengthened in the membership of the Euro-Atlantic institutions.<\/p>\n<p style=\"text-align: justify;\">The contribution of the Italian Armed Forces to the defence of the Baltic Republics in the context of NATO mechanisms demonstrates the concrete implementation of the principle of solidarity, the cornerstone of relations between the member states of the Atlantic Alliance and on which the European construction is based.<\/p>\n<p style=\"text-align: justify;\">By joining the European Union, Estonia has become part not only of the most advanced system of economic integration, but also of a community of values \u200b\u200bthat allows us to share opportunities for progress and social and democratic growth.<\/p>\n<p style=\"text-align: justify;\">The great challenges for overcoming the pandemic and for building a sustainable future offer new opportunities for collaboration between our countries in sectors that can bring great benefits to the well-being of citizens and to the competitiveness of businesses.<\/p>\n<p style=\"text-align: justify;\">With the hope that the excellent relations between Estonia and Italy will intensify, let us work together to defend and strengthen democracy, justice and freedom.<\/p>\n<p style=\"text-align: justify;\">Daniele Rampazzo<\/p>\n<p style=\"text-align: center;\">***<\/p>\n<p style=\"text-align: justify;\">Kolmk\u00fcmmend aastat on m\u00f6\u00f6dunud ajast, mil Eesti naasis rahvaste kogukonda ja ma sooviksin p\u00f6\u00f6rduda oma tervituse ja t\u00e4nuavaldustega k\u00f5igi poole, kes t\u00f6\u00f6tavad selle nimel, et meie riikide vahelised suhted oleksid \u00fcha tihedamad.<\/p>\n<p style=\"text-align: justify;\">20. augustil 1991 sai Eesti tagasi oma staatuse suver\u00e4\u00e4nse riigina.<\/p>\n<p style=\"text-align: justify;\">Diplomaatiliste suhete taastamine Itaalia riigiga, mis pole kunagi tunnistanud NSV Liidu poolset annekteerimist, lepiti kokku 27. augustil ja otsus j\u00f5ustus 31. augustil.<\/p>\n<p style=\"text-align: justify;\">Sellel teel, mis viis Eesti liituma P\u00f5hja-Atlandi lepingu ja Euroopa Liiduga, on Eestil alati olnud Itaalia toetus nii poliitilisel tasandil kui ka majandusliku ja sotsiaalse struktuuri kiire \u00fcmberkujundamisega.<\/p>\n<p style=\"text-align: justify;\">Kogemuste jagamine, Itaalia ettev\u00f5tete ja t\u00f6\u00f6tajate osalemine Eesti arengus, koost\u00f6\u00f6 kultuuri- ja teadusvaldkonnas ning k\u00f5ik aja jooksul tekkinud sidemed on tugevdanud meie riikide vahelist s\u00f5prust, mis kasvab veelgi t\u00e4nu \u00fchisele kuulumisele Euroopa ja transatlantilistesse institutsioonidesse.<\/p>\n<p style=\"text-align: justify;\">Itaalia relvaj\u00f5udude panus Balti vabariikide kaitsesse NATO mehhanismide kontekstis ilmestab konkreetset solidaarsusp\u00f5him\u00f5tte rakendamist, mis on Atlandi Liidu liikmesriikide vaheliste suhete ja Euroopa \u00fclesehitamise nurgakivi.<\/p>\n<p style=\"text-align: justify;\">Euroopa Liiduga liitumisega on Eesti saanud osaks mitte ainult k\u00f5ige arenenumast majandusliku integratsiooni s\u00fcsteemist, vaid ka v\u00e4\u00e4rtustel p\u00f5hinevast kogukonnast, mis lubab meil jagada v\u00f5imalusi edasiminekuks ning sotsiaalseks ja demokraatlikuks kasvuks.<\/p>\n<p style=\"text-align: justify;\">Suured v\u00e4ljakutsed pandeemia \u00fcletamiseks ja j\u00e4tkusuutliku tuleviku ehitamine pakuvad uusi v\u00f5imalusi meie riikide vaheliseks koost\u00f6\u00f6ks valdkondades, mis v\u00f5ivad tuua suurt kasu kodanike heaolule ja ettev\u00f5tete konkurentsiv\u00f5imele.<\/p>\n<p style=\"text-align: justify;\">Lootuses, et Eesti ja Itaalia suurep\u00e4rased suhted tihenevad veelgi, saame koos t\u00f6\u00f6tada, et kaitsta ja tugevdada demokraatiat, \u00f5iglust ja vabadust.<\/p>\n<p>Daniele Rampazzo<\/p>\n","protected":false},"excerpt":{"rendered":"On the occasion of the thirtieth anniversary of the Decision that returned Estonia to the community of nations, I extend my greetings and my expressions of gratitude to all those who work for ever closer relations between our countries. On August 20, 1991, Estonia regained its destiny as a sovereign state. The re-establishment of diplomatic [&hellip;]","protected":false},"author":1,"featured_media":0,"comment_status":"","ping_status":"","sticky":false,"template":"","format":"standard","meta":{"footnotes":""},"tags":[],"class_list":["post-940","post","type-post","status-publish","format-standard","hentry"],"_links":{"self":[{"href":"https:\/\/ambtallinn.esteri.it\/en\/wp-json\/wp\/v2\/posts\/940","targetHints":{"allow":["GET"]}}],"collection":[{"href":"https:\/\/ambtallinn.esteri.it\/en\/wp-json\/wp\/v2\/posts"}],"about":[{"href":"https:\/\/ambtallinn.esteri.it\/en\/wp-json\/wp\/v2\/types\/post"}],"author":[{"embeddable":true,"href":"https:\/\/ambtallinn.esteri.it\/en\/wp-json\/wp\/v2\/users\/1"}],"replies":[{"embeddable":true,"href":"https:\/\/ambtallinn.esteri.it\/en\/wp-json\/wp\/v2\/comments?post=940"}],"version-history":[{"count":0,"href":"https:\/\/ambtallinn.esteri.it\/en\/wp-json\/wp\/v2\/posts\/940\/revisions"}],"wp:attachment":[{"href":"https:\/\/ambtallinn.esteri.it\/en\/wp-json\/wp\/v2\/media?parent=940"}],"wp:term":[{"taxonomy":"post_tag","embeddable":true,"href":"https:\/\/ambtallinn.esteri.it\/en\/wp-json\/wp\/v2\/tags?post=940"}],"curies":[{"name":"wp","href":"https:\/\/api.w.org\/{rel}","templated":true}]}}