{"id":939,"date":"2021-08-19T10:51:40","date_gmt":"2021-08-19T07:51:40","guid":{"rendered":"https:\/\/ambtallinn.esteri.it\/news\/dall_ambasciata\/2021\/08\/20-agosto-restaurazione-dell-indipendenza\/"},"modified":"2021-08-19T10:51:40","modified_gmt":"2021-08-19T07:51:40","slug":"20-agosto-restaurazione-dell-indipendenza","status":"publish","type":"post","link":"https:\/\/ambtallinn.esteri.it\/it\/news\/dall_ambasciata\/2021\/08\/20-agosto-restaurazione-dell-indipendenza\/","title":{"rendered":"Restaurazione dell&#8217;indipendenza estone: trentesimo anniversario"},"content":{"rendered":"<p style=\"text-align: justify;\">Nel trentesimo anniversario dalla Decisione che ha restituito l\u2019Estonia alla comunit\u00e0 delle nazioni, rivolgo il mio saluto e le mie espressioni di riconoscenza a tutti coloro che operano per sempre pi\u00f9 intense relazioni fra i nostri Paesi.<\/p>\n<p style=\"text-align: justify;\">Il 20 agosto 1991 l\u2019Estonia si riappropria del proprio destino come Stato sovrano.<\/p>\n<p style=\"text-align: justify;\">Il ristabilimento delle relazioni diplomatiche con l\u2019Italia, che non ha mai riconosciuto l\u2019annessione all\u2019URSS, \u00e8 stato concordato il 27 agosto e reso effettivo il 31 agosto.<\/p>\n<p style=\"text-align: justify;\">Nel percorso che ha portato l\u2019Estonia ad aderire all\u2019Alleanza Atlantica e all\u2019Unione Europea, non \u00e8 mai venuto meno il sostegno dell\u2019\u2019Italia, sia sul piano politico, sia accompagnando la rapida trasformazione del tessuto economico e sociale.<\/p>\n<p style=\"text-align: justify;\">Lo scambio di esperienze, la partecipazione delle imprese e del lavoro italiani allo sviluppo dell\u2019Estonia, la collaborazione in ambito culturale e scientifico, tutti i legami che si sono creati nel tempo hanno cementato l\u2019amicizia fra i nostri Paesi, amicizia che si rafforza nella comune appartenenza alle istituzioni euro-atlantiche.<\/p>\n<p style=\"text-align: justify;\">L\u2019apporto delle Forze Armate italiane alla difesa delle Repubbliche baltiche nell\u2019ambito dei dispositivi NATO dimostra la concreta messa in opera del principio di solidariet\u00e0, pietra angolare dei rapporti fra gli Stati membri dell\u2019Alleanza Atlantica e base su cui si fonda la costruzione europea.<\/p>\n<p style=\"text-align: justify;\">Con l\u2019adesione all\u2019Unione Europea, l\u2019Estonia \u00e8 entrata a far parte non solo del pi\u00f9 avanzato sistema di integrazione economica, ma anche di una comunit\u00e0 di valori che ci permette di condividere opportunit\u00e0 di progresso e di crescita sociale e democratica.<\/p>\n<p style=\"text-align: justify;\">Le grandi sfide per il superamento della pandemia e per costruire un futuro sostenibile offrono nuove opportunit\u00e0 di collaborazione fra i nostri Paesi in settori che possono portare grandi benefici al benessere dei cittadini e alla competitivit\u00e0 delle imprese.<\/p>\n<p style=\"text-align: justify;\">Con l\u2019auspicio che si intensifichino gli eccellenti rapporti fra Estonia e Italia, lavoriamo insieme per difendere e rafforzare democrazia, giustizia e libert\u00e0.<\/p>\n<p style=\"text-align: justify;\">Daniele Rampazzo<\/p>\n<p style=\"text-align: center;\">***<\/p>\n<p style=\"text-align: justify;\">Kolmk\u00fcmmend aastat on m\u00f6\u00f6dunud ajast, mil Eesti naasis rahvaste kogukonda ja ma sooviksin p\u00f6\u00f6rduda oma tervituste ja t\u00e4nuavaldustega k\u00f5igi poole, kes t\u00f6\u00f6tavad selle nimel, et meie riikide vahelised suhted oleksid \u00fcha tihedamad.<\/p>\n<p style=\"text-align: justify;\">20. augustil 1991 sai Eesti tagasi oma staatuse suver\u00e4\u00e4nse riigina.<\/p>\n<p style=\"text-align: justify;\">Diplomaatiliste suhete taastamine Itaalia riigiga, mis pole kunagi tunnistanud NSV Liidu poolset annekteerimist, lepiti kokku 27. augustil ja otsus j\u00f5ustus 31. augustil.<\/p>\n<p style=\"text-align: justify;\">Sellel teel, mis viis Eesti liituma P\u00f5hja-Atlandi lepingu ja Euroopa Liiduga, on Eestil alati olnud Itaalia toetus nii poliitilisel tasandil kui ka majandusliku ja sotsiaalse struktuuri kiire \u00fcmberkujundamisega.<\/p>\n<p style=\"text-align: justify;\">Kogemuste jagamine, Itaalia ettev\u00f5tete ja t\u00f6\u00f6tajate osalemine Eesti arengus, koost\u00f6\u00f6 kultuuri- ja teadusvaldkonnas ning k\u00f5ik aja jooksul tekkinud sidemed on tugevdanud meie riikide vahelist s\u00f5prust, mis kasvab veelgi t\u00e4nu \u00fchisele kuulumisele Euroopa ja transatlantilistesse institutsioonidesse.<\/p>\n<p style=\"text-align: justify;\">Itaalia relvaj\u00f5udude panus Balti vabariikide kaitsesse NATO mehhanismide kontekstis ilmestab konkreetset solidaarsusp\u00f5him\u00f5tte rakendamist, mis on Atlandi Liidu liikmesriikide vaheliste suhete ja Euroopa \u00fclesehitamise aluse nurgakivi.<\/p>\n<p style=\"text-align: justify;\">Euroopa Liiduga liitumisega on Eesti saanud osaks mitte ainult k\u00f5ige arenenumast majandusliku integratsiooni s\u00fcsteemist, vaid ka v\u00e4\u00e4rtustel p\u00f5hinevast kogukonnast, mis lubab meil jagada v\u00f5imalusi edasiminekuks ning sotsiaalseks ja demokraatlikuks kasvuks.<\/p>\n<p style=\"text-align: justify;\">Suured v\u00e4ljakutsed pandeemia \u00fcletamiseks ja j\u00e4tkusuutliku tuleviku ehitamine pakuvad uusi v\u00f5imalusi meie riikide vaheliseks koost\u00f6\u00f6ks valdkondades, mis v\u00f5ivad tuua suurt kasu kodanike heaolule ja ettev\u00f5tete konkurentsiv\u00f5imele.<\/p>\n<p style=\"text-align: justify;\">Lootuses, et Eesti ja Itaalia suurep\u00e4rased suhted tihenevad veelgi, saame koos t\u00f6\u00f6tada, et kaitsta ja tugevdada demokraatiat, \u00f5iglust ja vabadust.<\/p>\n<p style=\"text-align: justify;\">Daniele Rampazzo<\/p>\n<p style=\"text-align: justify;\">\u00a0<\/p>\n","protected":false},"excerpt":{"rendered":"Nel trentesimo anniversario dalla Decisione che ha restituito l\u2019Estonia alla comunit\u00e0 delle nazioni, rivolgo il mio saluto e le mie espressioni di riconoscenza a tutti coloro che operano per sempre pi\u00f9 intense relazioni fra i nostri Paesi. Il 20 agosto 1991 l\u2019Estonia si riappropria del proprio destino come Stato sovrano. Il ristabilimento delle relazioni diplomatiche [&hellip;]","protected":false},"author":1,"featured_media":0,"comment_status":"","ping_status":"","sticky":false,"template":"","format":"standard","meta":{"footnotes":""},"tags":[],"class_list":["post-939","post","type-post","status-publish","format-standard","hentry"],"_links":{"self":[{"href":"https:\/\/ambtallinn.esteri.it\/it\/wp-json\/wp\/v2\/posts\/939","targetHints":{"allow":["GET"]}}],"collection":[{"href":"https:\/\/ambtallinn.esteri.it\/it\/wp-json\/wp\/v2\/posts"}],"about":[{"href":"https:\/\/ambtallinn.esteri.it\/it\/wp-json\/wp\/v2\/types\/post"}],"author":[{"embeddable":true,"href":"https:\/\/ambtallinn.esteri.it\/it\/wp-json\/wp\/v2\/users\/1"}],"replies":[{"embeddable":true,"href":"https:\/\/ambtallinn.esteri.it\/it\/wp-json\/wp\/v2\/comments?post=939"}],"version-history":[{"count":0,"href":"https:\/\/ambtallinn.esteri.it\/it\/wp-json\/wp\/v2\/posts\/939\/revisions"}],"wp:attachment":[{"href":"https:\/\/ambtallinn.esteri.it\/it\/wp-json\/wp\/v2\/media?parent=939"}],"wp:term":[{"taxonomy":"post_tag","embeddable":true,"href":"https:\/\/ambtallinn.esteri.it\/it\/wp-json\/wp\/v2\/tags?post=939"}],"curies":[{"name":"wp","href":"https:\/\/api.w.org\/{rel}","templated":true}]}}